{"id":8591,"date":"2026-01-01T00:01:00","date_gmt":"2026-01-01T03:01:00","guid":{"rendered":"https:\/\/umblogqualquer.com.br\/?p=8591"},"modified":"2026-01-01T01:05:29","modified_gmt":"2026-01-01T04:05:29","slug":"o-ubq-voltara-em-2026","status":"publish","type":"post","link":"https:\/\/umblogqualquer.com.br\/index.php\/2026\/01\/01\/o-ubq-voltara-em-2026\/","title":{"rendered":"O UBQ voltar\u00e1 em 2026!"},"content":{"rendered":"\n<p>Ent\u00e3o \u00e9 isso&#8230; um novo ano est\u00e1 come\u00e7ando. Chegamos em 2026. Obrigado 2025&#8230; Um ano foi um ponto de inflex\u00e3o na hist\u00f3ria do UBQ e tamb\u00e9m na minha hist\u00f3ria pessoal. Mas seja como for, uma coisa eu quero prometer desde j\u00e1: o UBQ voltar\u00e1 em 2026.<\/p>\n\n\n\n<h2 class=\"wp-block-heading\"><strong>Uma temporada de infort\u00fanios<\/strong><\/h2>\n\n\n\n<p>O ano de 2025 ficar\u00e1 registrado como o ano em que tudo desmoronou. Mas cravar o ano de 2025 como o ano dos problemas talvez seja um erro, ou pelo menos um reducionismo absurdo dos fatos. A verdade \u00e9 que desde 2021 as coisas j\u00e1 n\u00e3o estavam funcionando. O que veio a seguir somente serviu para aprofundar uma crise prolongada e que teve seu apogeu em 2025. Muita coisa saiu errada e poucas coisas funcionaram. Eu poderia criar uma longa (e chata) cronologia dos eventos. Mas n\u00e3o quero fazer isso. Quero apenas registrar que o UBQ deixou de funcionar porque eu &#8211; como editor respons\u00e1vel &#8211; deixei de funcionar.<\/p>\n\n\n\n<p>Foram v\u00e1rias crises&#8230; a crise profissional, crise de sa\u00fade, crise financeira, crise familiar. Muitas coisas sa\u00edram completamente erradas e outra tantas sa\u00edram totalmente do meu controle. Sa\u00ed do meu cargo p\u00fablico, tive problemas de sa\u00fade que necessitaram de cirurgia, bateram no meu carro; depois o mesmo carro quebrou de forma irremedi\u00e1vel. A\u00ed veio uma grande discuss\u00e3o familiar que me obrigou a ficar afastado da minha esposa e minhas filhas (al\u00e9m do cachorro e dos gatos).<\/p>\n\n\n\n<p>Nesse meio tempo, minha m\u00e3e sofreu um AVC e a\u00ed surgiu uma outra crise ainda maior&#8230; tive que mudar para um pequeno apartamento, o carro que eu alugava para trabalhar foi furtado, o que gerou uma grande d\u00edvida. Meu pai ficou ainda mais agressivo e rabugento. Passei a ser o principal cuidador tanto do meu pai, como da minha m\u00e3e. Descobri que minha m\u00e3e foi exposta na internet na sua vulnerabilidade de idosa acamada (isso acho que foi o mais dif\u00edcil de superar) e enfim&#8230; lutei contra tudo e todos&#8230;<\/p>\n\n\n\n<h2 class=\"wp-block-heading\"><strong>A crise chegou no seu auge<\/strong><\/h2>\n\n\n\n<p>Por fim, a crise chegou ao seu auge com a morte dos meus pais. Meu pai sofreu uma queda, e escondeu de mim que havia contra\u00eddo dengue. O estado geral dele foi muito agravado a ponto dele desenvolver uma infec\u00e7\u00e3o generalizada, associado a um quadro de dem\u00eancia senil e tamb\u00e9m de bastante teimosia e orgulho. Ele veio a falecer em 04 de agosto.<\/p>\n\n\n\n<p>Minha m\u00e3e teve um agravamento na sua condi\u00e7\u00e3o de paciente p\u00f3s-AVC e passou 101 dias internada no hospital. Seu quadro foi se agravando lentamente, mas sem nenhum sinal de poss\u00edvel melhora. Ela chegou a sofrer outro AVC durante sua interna\u00e7\u00e3o e por fim, veio a falaecer em 28 de setembro. Em pouco menos de dois meses, perdi meu pai e minha m\u00e3e.<\/p>\n\n\n\n<p>Sa\u00ed do apartamento passei a morar na casa que pertencia aos meus pais e&#8230; bom&#8230; agora \u00e9 minha. Ou melhor, metade minha, pois meu irm\u00e3o j\u00e1 deixou claro que o que ele quer mesmo \u00e9 o dinheiro e toda e qualquer heran\u00e7a ou bem que meus pais tenham deixado. A sa\u00edda prematura do apartamento gerou outra d\u00edvida. E a\u00ed, afogado em d\u00edvidas, longe da minha fam\u00edlia, enfrentando uma situa\u00e7\u00e3o extremamente delicada em rela\u00e7\u00e3o \u00e0 meus pais e meu irm\u00e3o, quem pagou o pato foi o UBQ.<\/p>\n\n\n\n<h2 class=\"wp-block-heading\"><strong>O UBQ pagando o pato<\/strong><\/h2>\n\n\n\n<p>Acho que qualquer pessoa no meu lugar, teria feito o mesmo. O UBQ n\u00e3o podia ser atualizado ou mantido. Criar novos conte\u00fados tornou-se um desafio e fazer tudo sozinho, com todos os problemas REAIS e URGENTES? Sim&#8230; o UBQ pagou o pato. O \u00faltimo texto publicado foi em agosto. Eu cheguei a visitar alguns eventos: o Canal 3 Expo e a BGS, al\u00e9m da GamesCom Latam. Havia tamb\u00e9m a oportunidade de participar da Retrocom e tamb\u00e9m da Eletrolar. Cheguei a gerar v\u00eddeos, algumas ideias para textos e podcasts, mas nada avan\u00e7ou. Minha cabe\u00e7a, estava em outro lugar. Meu tempo dispon\u00edvel simplesmente n\u00e3o existia.<\/p>\n\n\n\n<h2 class=\"wp-block-heading\"><strong>E agora?<\/strong><\/h2>\n\n\n\n<p>Bom&#8230; e agora? O cen\u00e1rio \u00e9 o seguinte: o Ricardo pessoa f\u00edsica est\u00e1 endividado e morando sem a esposa, filhas, cachorro e gatos (hist\u00f3ria complicada) numa casa cujo futuro \u00e9 incerto. Eu e minha esposa temos muitos planos. A morte dos meus pais trouxe algum al\u00edvio no sentido em que minha m\u00e3e parou de sofrer e meu pais pode enfim descansar. N\u00e3o estou feliz com a morte deles&#8230; n\u00e3o \u00e9 isso. Mas estou alividado pela minha m\u00e3e estar livre daquela pris\u00e3o que o AVC a colocou. E estou aliviado pelo meu pai ter encontrado seu descanso. <\/p>\n\n\n\n<p>Trabalho como motorista de aplicativo e tenho v\u00e1rias ideias para gerar neg\u00f3cios na internet. E isso inclui o UBQ. Meu plano \u00e9 trazer o lado profissional do UBQ para o plano real. Tenho ideias para conte\u00fados: textos, v\u00eddeos, podcasts, eventos, cursos, tutoriais. Coisas que eu tenho algum dom\u00ednio e que posso fazer funcionar. S\u00e3o muitas ideias, muitos planos. Coisas que n\u00e3o caberiam em um \u00fanico editorial.<\/p>\n\n\n\n<p>N\u00e3o tenho como garantir como as coisas ser\u00e3o, mas garanto que estarei empenhado em fazer com que as coisas aconte\u00e7am. O UBQ voltar\u00e1 em 2026. E ser\u00e1 mais do que Um Blog Qualquer.<\/p>\n\n\n\n<p>Conto com voc\u00eas para essa transforma\u00e7\u00e3o. Um feliz 2026 para todos.<\/p>\n\n\n\n<p><\/p>\n","protected":false},"excerpt":{"rendered":"<p>Ent\u00e3o \u00e9 isso&#8230; um novo ano est\u00e1 come\u00e7ando. Chegamos em 2026. Obrigado 2025&#8230; Um ano foi um ponto de inflex\u00e3o na hist\u00f3ria do UBQ e&hellip;<\/p>\n","protected":false},"author":2,"featured_media":8594,"comment_status":"open","ping_status":"open","sticky":false,"template":"","format":"standard","meta":{"rop_custom_images_group":[],"rop_custom_messages_group":[],"rop_publish_now":"initial","rop_publish_now_accounts":{"twitter_2267886176_2267886176":"","facebook_6260826503938377_535350576571812":""},"rop_publish_now_history":[],"rop_publish_now_status":"pending","_monsterinsights_skip_tracking":false,"_monsterinsights_sitenote_active":false,"_monsterinsights_sitenote_note":"","_monsterinsights_sitenote_category":0,"footnotes":""},"categories":[1412,1411],"tags":[],"class_list":["post-8591","post","type-post","status-publish","format-standard","has-post-thumbnail","hentry","category-editorial","category-opiniao"],"yoast_head":"<!-- This site is optimized with the Yoast SEO plugin v27.4 - https:\/\/yoast.com\/product\/yoast-seo-wordpress\/ -->\n<title>O UBQ voltar\u00e1 em 2026! - Um Blog Qualquer<\/title>\n<meta name=\"description\" content=\"O UBQ ficou um pouco de lado, mas houve um bom motivo para isso. Bom, pelo menos houve uma boa justiificativa. O fato: o UBQ voltar\u00e1 em 2026\" \/>\n<meta name=\"robots\" content=\"index, follow, max-snippet:-1, max-image-preview:large, max-video-preview:-1\" \/>\n<link rel=\"canonical\" href=\"https:\/\/umblogqualquer.com.br\/index.php\/2026\/01\/01\/o-ubq-voltara-em-2026\/\" \/>\n<meta property=\"og:locale\" content=\"pt_BR\" \/>\n<meta property=\"og:type\" content=\"article\" \/>\n<meta property=\"og:title\" content=\"O UBQ voltar\u00e1 em 2026! - Um Blog Qualquer\" \/>\n<meta property=\"og:description\" content=\"O UBQ ficou um pouco de lado, mas houve um bom motivo para isso. Bom, pelo menos houve uma boa justiificativa. O fato: o UBQ voltar\u00e1 em 2026\" \/>\n<meta property=\"og:url\" content=\"https:\/\/umblogqualquer.com.br\/index.php\/2026\/01\/01\/o-ubq-voltara-em-2026\/\" \/>\n<meta property=\"og:site_name\" content=\"Um Blog Qualquer\" \/>\n<meta property=\"article:publisher\" content=\"http:\/\/www.facebook.com\/UmBlogQualquer\" \/>\n<meta property=\"article:author\" content=\"https:\/\/www.facebook.com\/Ricardo.Cruz.Marques\" \/>\n<meta property=\"article:published_time\" content=\"2026-01-01T03:01:00+00:00\" \/>\n<meta property=\"article:modified_time\" content=\"2026-01-01T04:05:29+00:00\" \/>\n<meta property=\"og:image\" content=\"https:\/\/umblogqualquer.com.br\/wp-content\/uploads\/2025\/12\/251231_editorial_ano-novo_00.png\" \/>\n\t<meta property=\"og:image:width\" content=\"1366\" \/>\n\t<meta property=\"og:image:height\" content=\"768\" \/>\n\t<meta property=\"og:image:type\" content=\"image\/png\" \/>\n<meta name=\"author\" content=\"Ricardo Marques\" \/>\n<meta name=\"twitter:card\" content=\"summary_large_image\" \/>\n<meta name=\"twitter:creator\" content=\"@ricardocmarques\" \/>\n<meta name=\"twitter:site\" content=\"@UmBlogQualquer\" \/>\n<meta name=\"twitter:label1\" content=\"Escrito por\" \/>\n\t<meta name=\"twitter:data1\" content=\"Ricardo Marques\" \/>\n\t<meta name=\"twitter:label2\" content=\"Est. tempo de leitura\" \/>\n\t<meta name=\"twitter:data2\" content=\"5 minutos\" \/>\n<script type=\"application\/ld+json\" class=\"yoast-schema-graph\">{\"@context\":\"https:\\\/\\\/schema.org\",\"@graph\":[{\"@type\":\"Article\",\"@id\":\"https:\\\/\\\/umblogqualquer.com.br\\\/index.php\\\/2026\\\/01\\\/01\\\/o-ubq-voltara-em-2026\\\/#article\",\"isPartOf\":{\"@id\":\"https:\\\/\\\/umblogqualquer.com.br\\\/index.php\\\/2026\\\/01\\\/01\\\/o-ubq-voltara-em-2026\\\/\"},\"author\":{\"name\":\"Ricardo Marques\",\"@id\":\"https:\\\/\\\/umblogqualquer.com.br\\\/#\\\/schema\\\/person\\\/9e60be98b007ca0387786bb1a67478c7\"},\"headline\":\"O UBQ voltar\u00e1 em 2026!\",\"datePublished\":\"2026-01-01T03:01:00+00:00\",\"dateModified\":\"2026-01-01T04:05:29+00:00\",\"mainEntityOfPage\":{\"@id\":\"https:\\\/\\\/umblogqualquer.com.br\\\/index.php\\\/2026\\\/01\\\/01\\\/o-ubq-voltara-em-2026\\\/\"},\"wordCount\":913,\"commentCount\":0,\"publisher\":{\"@id\":\"https:\\\/\\\/umblogqualquer.com.br\\\/#organization\"},\"image\":{\"@id\":\"https:\\\/\\\/umblogqualquer.com.br\\\/index.php\\\/2026\\\/01\\\/01\\\/o-ubq-voltara-em-2026\\\/#primaryimage\"},\"thumbnailUrl\":\"https:\\\/\\\/umblogqualquer.com.br\\\/wp-content\\\/uploads\\\/2025\\\/12\\\/251231_editorial_ano-novo_00.png\",\"articleSection\":[\"Editorial\",\"Opini\u00e3o\"],\"inLanguage\":\"pt-BR\",\"potentialAction\":[{\"@type\":\"CommentAction\",\"name\":\"Comment\",\"target\":[\"https:\\\/\\\/umblogqualquer.com.br\\\/index.php\\\/2026\\\/01\\\/01\\\/o-ubq-voltara-em-2026\\\/#respond\"]}]},{\"@type\":\"WebPage\",\"@id\":\"https:\\\/\\\/umblogqualquer.com.br\\\/index.php\\\/2026\\\/01\\\/01\\\/o-ubq-voltara-em-2026\\\/\",\"url\":\"https:\\\/\\\/umblogqualquer.com.br\\\/index.php\\\/2026\\\/01\\\/01\\\/o-ubq-voltara-em-2026\\\/\",\"name\":\"O UBQ voltar\u00e1 em 2026! - Um Blog Qualquer\",\"isPartOf\":{\"@id\":\"https:\\\/\\\/umblogqualquer.com.br\\\/#website\"},\"primaryImageOfPage\":{\"@id\":\"https:\\\/\\\/umblogqualquer.com.br\\\/index.php\\\/2026\\\/01\\\/01\\\/o-ubq-voltara-em-2026\\\/#primaryimage\"},\"image\":{\"@id\":\"https:\\\/\\\/umblogqualquer.com.br\\\/index.php\\\/2026\\\/01\\\/01\\\/o-ubq-voltara-em-2026\\\/#primaryimage\"},\"thumbnailUrl\":\"https:\\\/\\\/umblogqualquer.com.br\\\/wp-content\\\/uploads\\\/2025\\\/12\\\/251231_editorial_ano-novo_00.png\",\"datePublished\":\"2026-01-01T03:01:00+00:00\",\"dateModified\":\"2026-01-01T04:05:29+00:00\",\"description\":\"O UBQ ficou um pouco de lado, mas houve um bom motivo para isso. Bom, pelo menos houve uma boa justiificativa. O fato: o UBQ voltar\u00e1 em 2026\",\"breadcrumb\":{\"@id\":\"https:\\\/\\\/umblogqualquer.com.br\\\/index.php\\\/2026\\\/01\\\/01\\\/o-ubq-voltara-em-2026\\\/#breadcrumb\"},\"inLanguage\":\"pt-BR\",\"potentialAction\":[{\"@type\":\"ReadAction\",\"target\":[\"https:\\\/\\\/umblogqualquer.com.br\\\/index.php\\\/2026\\\/01\\\/01\\\/o-ubq-voltara-em-2026\\\/\"]}]},{\"@type\":\"ImageObject\",\"inLanguage\":\"pt-BR\",\"@id\":\"https:\\\/\\\/umblogqualquer.com.br\\\/index.php\\\/2026\\\/01\\\/01\\\/o-ubq-voltara-em-2026\\\/#primaryimage\",\"url\":\"https:\\\/\\\/umblogqualquer.com.br\\\/wp-content\\\/uploads\\\/2025\\\/12\\\/251231_editorial_ano-novo_00.png\",\"contentUrl\":\"https:\\\/\\\/umblogqualquer.com.br\\\/wp-content\\\/uploads\\\/2025\\\/12\\\/251231_editorial_ano-novo_00.png\",\"width\":1366,\"height\":768},{\"@type\":\"BreadcrumbList\",\"@id\":\"https:\\\/\\\/umblogqualquer.com.br\\\/index.php\\\/2026\\\/01\\\/01\\\/o-ubq-voltara-em-2026\\\/#breadcrumb\",\"itemListElement\":[{\"@type\":\"ListItem\",\"position\":1,\"name\":\"In\u00edcio\",\"item\":\"https:\\\/\\\/umblogqualquer.com.br\\\/\"},{\"@type\":\"ListItem\",\"position\":2,\"name\":\"O UBQ voltar\u00e1 em 2026!\"}]},{\"@type\":\"WebSite\",\"@id\":\"https:\\\/\\\/umblogqualquer.com.br\\\/#website\",\"url\":\"https:\\\/\\\/umblogqualquer.com.br\\\/\",\"name\":\"Um Blog Qualquer\",\"description\":\"Opini\u00e3o, Informa\u00e7\u00e3o e Entretenimento\",\"publisher\":{\"@id\":\"https:\\\/\\\/umblogqualquer.com.br\\\/#organization\"},\"potentialAction\":[{\"@type\":\"SearchAction\",\"target\":{\"@type\":\"EntryPoint\",\"urlTemplate\":\"https:\\\/\\\/umblogqualquer.com.br\\\/?s={search_term_string}\"},\"query-input\":{\"@type\":\"PropertyValueSpecification\",\"valueRequired\":true,\"valueName\":\"search_term_string\"}}],\"inLanguage\":\"pt-BR\"},{\"@type\":\"Organization\",\"@id\":\"https:\\\/\\\/umblogqualquer.com.br\\\/#organization\",\"name\":\"Um Blog QUalquer\",\"url\":\"https:\\\/\\\/umblogqualquer.com.br\\\/\",\"logo\":{\"@type\":\"ImageObject\",\"inLanguage\":\"pt-BR\",\"@id\":\"https:\\\/\\\/umblogqualquer.com.br\\\/#\\\/schema\\\/logo\\\/image\\\/\",\"url\":\"https:\\\/\\\/umblogqualquer.com.br\\\/wp-content\\\/uploads\\\/2022\\\/06\\\/perfil-id-um-blog-qualquer.png\",\"contentUrl\":\"https:\\\/\\\/umblogqualquer.com.br\\\/wp-content\\\/uploads\\\/2022\\\/06\\\/perfil-id-um-blog-qualquer.png\",\"width\":1200,\"height\":1200,\"caption\":\"Um Blog QUalquer\"},\"image\":{\"@id\":\"https:\\\/\\\/umblogqualquer.com.br\\\/#\\\/schema\\\/logo\\\/image\\\/\"},\"sameAs\":[\"http:\\\/\\\/www.facebook.com\\\/UmBlogQualquer\",\"https:\\\/\\\/x.com\\\/UmBlogQualquer\",\"http:\\\/\\\/www.instagram.com\\\/1blogqualquer\",\"http:\\\/\\\/www.youtube.com\\\/UmBlogQualquer\"]},{\"@type\":\"Person\",\"@id\":\"https:\\\/\\\/umblogqualquer.com.br\\\/#\\\/schema\\\/person\\\/9e60be98b007ca0387786bb1a67478c7\",\"name\":\"Ricardo Marques\",\"image\":{\"@type\":\"ImageObject\",\"inLanguage\":\"pt-BR\",\"@id\":\"https:\\\/\\\/secure.gravatar.com\\\/avatar\\\/69012e680aec3c46d54ef1c46e47372eee9b82b191b6442554741e2bf6bc09cb?s=96&d=mm&r=g\",\"url\":\"https:\\\/\\\/secure.gravatar.com\\\/avatar\\\/69012e680aec3c46d54ef1c46e47372eee9b82b191b6442554741e2bf6bc09cb?s=96&d=mm&r=g\",\"contentUrl\":\"https:\\\/\\\/secure.gravatar.com\\\/avatar\\\/69012e680aec3c46d54ef1c46e47372eee9b82b191b6442554741e2bf6bc09cb?s=96&d=mm&r=g\",\"caption\":\"Ricardo Marques\"},\"description\":\"Criador e editor do UBQ. Em linhas gerais, o respons\u00e1vel pela baga\u00e7a toda. Blogueiro, podcaster e videomaker por op\u00e7\u00e3o e funcion\u00e1rio p\u00fablico por falta de op\u00e7\u00e3o. Ex-estudante de medicina (UNICAMP) e biologia (USP) \u00e9 curioso por natureza e criou o UBQ para garantir um espa\u00e7o para a livre manifesta\u00e7\u00e3o. \u00c9 casado, tem tr\u00eas gatos, um cachorro, uma filha sapeca e est\u00e1 perto de ser pai pela segunda vez. Ainda pensa em fazer medicina... ou jornalismo. Whatever...\",\"sameAs\":[\"http:\\\/\\\/www.umblogqualquer.com.br\",\"https:\\\/\\\/www.facebook.com\\\/Ricardo.Cruz.Marques\",\"https:\\\/\\\/x.com\\\/ricardocmarques\"],\"url\":\"https:\\\/\\\/umblogqualquer.com.br\\\/index.php\\\/author\\\/ricardo-marques\\\/\"}]}<\/script>\n<!-- \/ Yoast SEO plugin. -->","yoast_head_json":{"title":"O UBQ voltar\u00e1 em 2026! - Um Blog Qualquer","description":"O UBQ ficou um pouco de lado, mas houve um bom motivo para isso. Bom, pelo menos houve uma boa justiificativa. O fato: o UBQ voltar\u00e1 em 2026","robots":{"index":"index","follow":"follow","max-snippet":"max-snippet:-1","max-image-preview":"max-image-preview:large","max-video-preview":"max-video-preview:-1"},"canonical":"https:\/\/umblogqualquer.com.br\/index.php\/2026\/01\/01\/o-ubq-voltara-em-2026\/","og_locale":"pt_BR","og_type":"article","og_title":"O UBQ voltar\u00e1 em 2026! - Um Blog Qualquer","og_description":"O UBQ ficou um pouco de lado, mas houve um bom motivo para isso. Bom, pelo menos houve uma boa justiificativa. O fato: o UBQ voltar\u00e1 em 2026","og_url":"https:\/\/umblogqualquer.com.br\/index.php\/2026\/01\/01\/o-ubq-voltara-em-2026\/","og_site_name":"Um Blog Qualquer","article_publisher":"http:\/\/www.facebook.com\/UmBlogQualquer","article_author":"https:\/\/www.facebook.com\/Ricardo.Cruz.Marques","article_published_time":"2026-01-01T03:01:00+00:00","article_modified_time":"2026-01-01T04:05:29+00:00","og_image":[{"width":1366,"height":768,"url":"https:\/\/umblogqualquer.com.br\/wp-content\/uploads\/2025\/12\/251231_editorial_ano-novo_00.png","type":"image\/png"}],"author":"Ricardo Marques","twitter_card":"summary_large_image","twitter_creator":"@ricardocmarques","twitter_site":"@UmBlogQualquer","twitter_misc":{"Escrito por":"Ricardo Marques","Est. tempo de leitura":"5 minutos"},"schema":{"@context":"https:\/\/schema.org","@graph":[{"@type":"Article","@id":"https:\/\/umblogqualquer.com.br\/index.php\/2026\/01\/01\/o-ubq-voltara-em-2026\/#article","isPartOf":{"@id":"https:\/\/umblogqualquer.com.br\/index.php\/2026\/01\/01\/o-ubq-voltara-em-2026\/"},"author":{"name":"Ricardo Marques","@id":"https:\/\/umblogqualquer.com.br\/#\/schema\/person\/9e60be98b007ca0387786bb1a67478c7"},"headline":"O UBQ voltar\u00e1 em 2026!","datePublished":"2026-01-01T03:01:00+00:00","dateModified":"2026-01-01T04:05:29+00:00","mainEntityOfPage":{"@id":"https:\/\/umblogqualquer.com.br\/index.php\/2026\/01\/01\/o-ubq-voltara-em-2026\/"},"wordCount":913,"commentCount":0,"publisher":{"@id":"https:\/\/umblogqualquer.com.br\/#organization"},"image":{"@id":"https:\/\/umblogqualquer.com.br\/index.php\/2026\/01\/01\/o-ubq-voltara-em-2026\/#primaryimage"},"thumbnailUrl":"https:\/\/umblogqualquer.com.br\/wp-content\/uploads\/2025\/12\/251231_editorial_ano-novo_00.png","articleSection":["Editorial","Opini\u00e3o"],"inLanguage":"pt-BR","potentialAction":[{"@type":"CommentAction","name":"Comment","target":["https:\/\/umblogqualquer.com.br\/index.php\/2026\/01\/01\/o-ubq-voltara-em-2026\/#respond"]}]},{"@type":"WebPage","@id":"https:\/\/umblogqualquer.com.br\/index.php\/2026\/01\/01\/o-ubq-voltara-em-2026\/","url":"https:\/\/umblogqualquer.com.br\/index.php\/2026\/01\/01\/o-ubq-voltara-em-2026\/","name":"O UBQ voltar\u00e1 em 2026! - Um Blog Qualquer","isPartOf":{"@id":"https:\/\/umblogqualquer.com.br\/#website"},"primaryImageOfPage":{"@id":"https:\/\/umblogqualquer.com.br\/index.php\/2026\/01\/01\/o-ubq-voltara-em-2026\/#primaryimage"},"image":{"@id":"https:\/\/umblogqualquer.com.br\/index.php\/2026\/01\/01\/o-ubq-voltara-em-2026\/#primaryimage"},"thumbnailUrl":"https:\/\/umblogqualquer.com.br\/wp-content\/uploads\/2025\/12\/251231_editorial_ano-novo_00.png","datePublished":"2026-01-01T03:01:00+00:00","dateModified":"2026-01-01T04:05:29+00:00","description":"O UBQ ficou um pouco de lado, mas houve um bom motivo para isso. Bom, pelo menos houve uma boa justiificativa. O fato: o UBQ voltar\u00e1 em 2026","breadcrumb":{"@id":"https:\/\/umblogqualquer.com.br\/index.php\/2026\/01\/01\/o-ubq-voltara-em-2026\/#breadcrumb"},"inLanguage":"pt-BR","potentialAction":[{"@type":"ReadAction","target":["https:\/\/umblogqualquer.com.br\/index.php\/2026\/01\/01\/o-ubq-voltara-em-2026\/"]}]},{"@type":"ImageObject","inLanguage":"pt-BR","@id":"https:\/\/umblogqualquer.com.br\/index.php\/2026\/01\/01\/o-ubq-voltara-em-2026\/#primaryimage","url":"https:\/\/umblogqualquer.com.br\/wp-content\/uploads\/2025\/12\/251231_editorial_ano-novo_00.png","contentUrl":"https:\/\/umblogqualquer.com.br\/wp-content\/uploads\/2025\/12\/251231_editorial_ano-novo_00.png","width":1366,"height":768},{"@type":"BreadcrumbList","@id":"https:\/\/umblogqualquer.com.br\/index.php\/2026\/01\/01\/o-ubq-voltara-em-2026\/#breadcrumb","itemListElement":[{"@type":"ListItem","position":1,"name":"In\u00edcio","item":"https:\/\/umblogqualquer.com.br\/"},{"@type":"ListItem","position":2,"name":"O UBQ voltar\u00e1 em 2026!"}]},{"@type":"WebSite","@id":"https:\/\/umblogqualquer.com.br\/#website","url":"https:\/\/umblogqualquer.com.br\/","name":"Um Blog Qualquer","description":"Opini\u00e3o, Informa\u00e7\u00e3o e Entretenimento","publisher":{"@id":"https:\/\/umblogqualquer.com.br\/#organization"},"potentialAction":[{"@type":"SearchAction","target":{"@type":"EntryPoint","urlTemplate":"https:\/\/umblogqualquer.com.br\/?s={search_term_string}"},"query-input":{"@type":"PropertyValueSpecification","valueRequired":true,"valueName":"search_term_string"}}],"inLanguage":"pt-BR"},{"@type":"Organization","@id":"https:\/\/umblogqualquer.com.br\/#organization","name":"Um Blog QUalquer","url":"https:\/\/umblogqualquer.com.br\/","logo":{"@type":"ImageObject","inLanguage":"pt-BR","@id":"https:\/\/umblogqualquer.com.br\/#\/schema\/logo\/image\/","url":"https:\/\/umblogqualquer.com.br\/wp-content\/uploads\/2022\/06\/perfil-id-um-blog-qualquer.png","contentUrl":"https:\/\/umblogqualquer.com.br\/wp-content\/uploads\/2022\/06\/perfil-id-um-blog-qualquer.png","width":1200,"height":1200,"caption":"Um Blog QUalquer"},"image":{"@id":"https:\/\/umblogqualquer.com.br\/#\/schema\/logo\/image\/"},"sameAs":["http:\/\/www.facebook.com\/UmBlogQualquer","https:\/\/x.com\/UmBlogQualquer","http:\/\/www.instagram.com\/1blogqualquer","http:\/\/www.youtube.com\/UmBlogQualquer"]},{"@type":"Person","@id":"https:\/\/umblogqualquer.com.br\/#\/schema\/person\/9e60be98b007ca0387786bb1a67478c7","name":"Ricardo Marques","image":{"@type":"ImageObject","inLanguage":"pt-BR","@id":"https:\/\/secure.gravatar.com\/avatar\/69012e680aec3c46d54ef1c46e47372eee9b82b191b6442554741e2bf6bc09cb?s=96&d=mm&r=g","url":"https:\/\/secure.gravatar.com\/avatar\/69012e680aec3c46d54ef1c46e47372eee9b82b191b6442554741e2bf6bc09cb?s=96&d=mm&r=g","contentUrl":"https:\/\/secure.gravatar.com\/avatar\/69012e680aec3c46d54ef1c46e47372eee9b82b191b6442554741e2bf6bc09cb?s=96&d=mm&r=g","caption":"Ricardo Marques"},"description":"Criador e editor do UBQ. Em linhas gerais, o respons\u00e1vel pela baga\u00e7a toda. Blogueiro, podcaster e videomaker por op\u00e7\u00e3o e funcion\u00e1rio p\u00fablico por falta de op\u00e7\u00e3o. Ex-estudante de medicina (UNICAMP) e biologia (USP) \u00e9 curioso por natureza e criou o UBQ para garantir um espa\u00e7o para a livre manifesta\u00e7\u00e3o. \u00c9 casado, tem tr\u00eas gatos, um cachorro, uma filha sapeca e est\u00e1 perto de ser pai pela segunda vez. Ainda pensa em fazer medicina... ou jornalismo. Whatever...","sameAs":["http:\/\/www.umblogqualquer.com.br","https:\/\/www.facebook.com\/Ricardo.Cruz.Marques","https:\/\/x.com\/ricardocmarques"],"url":"https:\/\/umblogqualquer.com.br\/index.php\/author\/ricardo-marques\/"}]}},"_links":{"self":[{"href":"https:\/\/umblogqualquer.com.br\/index.php\/wp-json\/wp\/v2\/posts\/8591","targetHints":{"allow":["GET"]}}],"collection":[{"href":"https:\/\/umblogqualquer.com.br\/index.php\/wp-json\/wp\/v2\/posts"}],"about":[{"href":"https:\/\/umblogqualquer.com.br\/index.php\/wp-json\/wp\/v2\/types\/post"}],"author":[{"embeddable":true,"href":"https:\/\/umblogqualquer.com.br\/index.php\/wp-json\/wp\/v2\/users\/2"}],"replies":[{"embeddable":true,"href":"https:\/\/umblogqualquer.com.br\/index.php\/wp-json\/wp\/v2\/comments?post=8591"}],"version-history":[{"count":3,"href":"https:\/\/umblogqualquer.com.br\/index.php\/wp-json\/wp\/v2\/posts\/8591\/revisions"}],"predecessor-version":[{"id":8597,"href":"https:\/\/umblogqualquer.com.br\/index.php\/wp-json\/wp\/v2\/posts\/8591\/revisions\/8597"}],"wp:featuredmedia":[{"embeddable":true,"href":"https:\/\/umblogqualquer.com.br\/index.php\/wp-json\/wp\/v2\/media\/8594"}],"wp:attachment":[{"href":"https:\/\/umblogqualquer.com.br\/index.php\/wp-json\/wp\/v2\/media?parent=8591"}],"wp:term":[{"taxonomy":"category","embeddable":true,"href":"https:\/\/umblogqualquer.com.br\/index.php\/wp-json\/wp\/v2\/categories?post=8591"},{"taxonomy":"post_tag","embeddable":true,"href":"https:\/\/umblogqualquer.com.br\/index.php\/wp-json\/wp\/v2\/tags?post=8591"}],"curies":[{"name":"wp","href":"https:\/\/api.w.org\/{rel}","templated":true}]}}