{"id":9216,"date":"2026-07-02T21:00:00","date_gmt":"2026-07-03T00:00:00","guid":{"rendered":"https:\/\/umblogqualquer.com.br\/?p=9216"},"modified":"2026-08-30T19:17:45","modified_gmt":"2026-08-30T22:17:45","slug":"espanha-supera-trauma-do-mata-mata","status":"publish","type":"post","link":"https:\/\/umblogqualquer.com.br\/index.php\/2026\/07\/02\/espanha-supera-trauma-do-mata-mata\/","title":{"rendered":"Espanha supera trauma do mata-mata"},"content":{"rendered":"\n<p class=\"wp-block-paragraph\">Desde que foi campe\u00e3 do mundo em 2010, a Espanha tem sofrido para avan\u00e7ar na copa. Em 2014 foi eliminada precocemente na fase de grupos. Em 2018 foi eliminada nas oitavas-de-final pelos anfitri\u00f5es russos nos p\u00eanaltis e em 2022 quis escolher o advers\u00e1rio e foi justamente eliminada pelo Marrocos, que faria hist\u00f3ria naquele mundial. Ao que parece, desta vez a Espanha supera o trauma do mata-mata e avan\u00e7a para a pr\u00f3xima fase.<\/p>\n\n\n\n<p class=\"wp-block-paragraph\">A gente conta esta hist\u00f3ria pra voc\u00ea.<\/p>\n\n\n\n<h2 class=\"wp-block-heading\">A Hist\u00f3ria de Espanha x \u00c1ustria<\/h2>\n\n\n\n<p class=\"wp-block-paragraph\">Com uma atua\u00e7\u00e3o impec\u00e1vel, a Espanha derrotou a \u00c1ustria por 3 a 0 no SoFi Stadium. <strong>Mikel Oyarzabal brilhou com dois gols<\/strong>, enquanto Pedro Porro completou o placar el\u00e1stico. Assim, a F\u00faria garantiu sua vaga nas oitavas de final da Copa do Mundo 2026.<\/p>\n\n\n\n<figure class=\"wp-block-image aligncenter size-full\" style=\"margin-top:var(--wp--preset--spacing--30);margin-bottom:var(--wp--preset--spacing--30)\"><img fetchpriority=\"high\" decoding=\"async\" width=\"960\" height=\"240\" src=\"https:\/\/umblogqualquer.com.br\/wp-content\/uploads\/2026\/08\/260702_jogos-da-copa_084_esp-aut_001.png\" alt=\"Espanha 3 x 0 \u00c1ustria\" class=\"wp-image-9217\" srcset=\"https:\/\/umblogqualquer.com.br\/wp-content\/uploads\/2026\/08\/260702_jogos-da-copa_084_esp-aut_001.png 960w, https:\/\/umblogqualquer.com.br\/wp-content\/uploads\/2026\/08\/260702_jogos-da-copa_084_esp-aut_001-300x75.png 300w, https:\/\/umblogqualquer.com.br\/wp-content\/uploads\/2026\/08\/260702_jogos-da-copa_084_esp-aut_001-768x192.png 768w\" sizes=\"(max-width: 960px) 100vw, 960px\" \/><\/figure>\n\n\n\n<h3 class=\"wp-block-heading\">Dom\u00ednio absoluto no primeiro tempo<\/h3>\n\n\n\n<p class=\"wp-block-paragraph\">Desde os primeiros minutos, a sele\u00e7\u00e3o espanhola tomou a iniciativa do jogo. Lamine Yamal comandou as a\u00e7\u00f5es ofensivas pela ponta direita e infernizou a defesa advers\u00e1ria. Por outro lado, o goleiro austr\u00edaco Alexander Schlager fez interven\u00e7\u00f5es milagrosas para manter a igualdade.<\/p>\n\n\n\n<p class=\"wp-block-paragraph\">Posteriormente, aos 28 minutos, Cucurella chegou a balan\u00e7ar as redes no rebote de um escanteio. Contudo, a arbitragem anulou o lance marcando uma falta question\u00e1vel no goleiro. Sem desanimar, a equipe manteve o ritmo acelerado no campo de ataque.<\/p>\n\n\n\n<p class=\"wp-block-paragraph\">Consequentemente, a press\u00e3o resultou no primeiro gol da partida aos 36 minutos. Cucurella recebeu passe de Pedri e cruzou na medida para Oyarzabal desviar para o fundo das redes.<\/p>\n\n\n\n<h3 class=\"wp-block-heading\">Tranquilidade e recorde na etapa final<\/h3>\n\n\n\n<p class=\"wp-block-paragraph\">Durante a segunda etapa, o cen\u00e1rio do confronto permaneceu inalterado. A Espanha administrou a posse de bola e continuou criando boas oportunidades. Enquanto isso, o goleiro Unai Sim\u00f3n alcan\u00e7ou uma marca hist\u00f3rica ao bater o recorde de invencibilidade no torneio.<\/p>\n\n\n\n<p class=\"wp-block-paragraph\">Aos 20 minutos, o segundo gol espanhol saiu ap\u00f3s bonita trama coletiva. Baena encontrou Pedro Porro livre, e o lateral subiu para cabecear firme. A \u00c1ustria tentou reagir em sa\u00eddas r\u00e1pidas, mas n\u00e3o levou perigo real.<\/p>\n\n\n\n<figure class=\"wp-block-image aligncenter size-full\" style=\"margin-top:var(--wp--preset--spacing--30);margin-bottom:var(--wp--preset--spacing--30)\"><img decoding=\"async\" width=\"720\" height=\"360\" src=\"https:\/\/umblogqualquer.com.br\/wp-content\/uploads\/2026\/08\/260702_jogos-da-copa_084_esp-aut_002.png\" alt=\"A Espanha n\u00e3o tomou conhecimento da \u00c1ustria - Foto: AFP\" class=\"wp-image-9219\" srcset=\"https:\/\/umblogqualquer.com.br\/wp-content\/uploads\/2026\/08\/260702_jogos-da-copa_084_esp-aut_002.png 720w, https:\/\/umblogqualquer.com.br\/wp-content\/uploads\/2026\/08\/260702_jogos-da-copa_084_esp-aut_002-300x150.png 300w\" sizes=\"(max-width: 720px) 100vw, 720px\" \/><figcaption class=\"wp-element-caption\">A Espanha n\u00e3o tomou conhecimento da \u00c1ustria &#8211; <em>Foto: AFP<\/em><\/figcaption><\/figure>\n\n\n\n<p class=\"wp-block-paragraph\">Finalmente, aos 43 minutos, Oyarzabal apareceu novamente para decretar a vit\u00f3ria. O atacante da Real Sociedad aproveitou novo passe de Cucurella e finalizou de primeira. Com o resultado, a Espanha quebrou o jejum em mata-matas que durava desde 2010.<\/p>\n\n\n\n<h3 class=\"wp-block-heading\">Ficha T\u00e9cnica: Espanha 3 x 0 \u00c1ustria<\/h3>\n\n\n\n<ul class=\"wp-block-list\">\n<li><strong>Espanha:<\/strong> Unai Sim\u00f3n; Pedro Porro, Cubars\u00ed, Laporte (Pubill) e Cucurella; Rodri, Pedri (Fabi\u00e1n Ruiz) e Baena (Ferran Torres); Oyarzabal, Lamine Yamal (Gavi) e Dani Olmo (Merino). <em><strong>T\u00e9cnico:<\/strong> Luis de la Fuente<\/em>.<\/li>\n\n\n\n<li><strong>\u00c1ustria:<\/strong> Alexander Schlager; Posch (Prass), Danso, Alaba e Laimer; Seiwald (Chukwuemeka), Xaver Schlager (Grillitsch), Schmid (Kalajdzic), Wanner e Sabitzer; Gregoritsch (Arnautovic). <em><strong>T\u00e9cnico:<\/strong> Ralf Rangnick<\/em>.<\/li>\n\n\n\n<li><strong>Gols:<\/strong> Oyarzabal (36&#8242; 1T e 43&#8242; 2T) e Pedro Porro (20&#8242; 2T)<\/li>\n\n\n\n<li><strong>\u00c1rbitro:<\/strong> Glenn Nyberg (Su\u00e9cia)<\/li>\n\n\n\n<li><strong>Cart\u00e3o amarelo:<\/strong> Posch (\u00c1ustria)<\/li>\n\n\n\n<li><strong>Decis\u00f5es Cr\u00edticas do VAR:<\/strong> Gol anulado da Espanha (28&#8242; 1T) quando o VAR confirmou a decis\u00e3o de campo do \u00e1rbitro, que assinalou falta de Cubars\u00ed sobre o goleiro Alexander Schlager antes do chute de Cucurella.<\/li>\n\n\n\n<li><strong>Local:<\/strong> SoFi Stadium, Inglewood (EUA)<\/li>\n\n\n\n<li><strong>P\u00fablico:<\/strong> 70.492 presentes<\/li>\n<\/ul>\n","protected":false},"excerpt":{"rendered":"<p>Desde que foi campe\u00e3 do mundo em 2010, a Espanha tem sofrido para avan\u00e7ar na copa. Em 2014 foi eliminada precocemente na fase de grupos.&hellip;<\/p>\n","protected":false},"author":2,"featured_media":9218,"comment_status":"open","ping_status":"open","sticky":false,"template":"","format":"standard","meta":{"rop_custom_images_group":[],"rop_custom_messages_group":[],"rop_publish_now":"initial","rop_publish_now_accounts":{"twitter_2267886176_2267886176":"","facebook_6260826503938377_535350576571812":""},"rop_publish_now_history":[],"rop_publish_now_status":"pending","_monsterinsights_skip_tracking":false,"_customify_content_layout":"","_customify_sidebar":"","_customify_page_header_display":"","_customify_disable_header":"","_customify_disable_header_top":"","_customify_disable_header_main":"","_customify_disable_header_bottom":"","_customify_disable_page_title":"","_customify_disable_content_vertical_padding":"","_customify_disable_footer_top":"","_customify_disable_footer_main":"","_customify_disable_footer_bottom":"","_customify_breadcrumb_display":"","_customify_header_transparent_display":"","footnotes":""},"categories":[1421,1428],"tags":[1484,1483,893,892],"class_list":["post-9216","post","type-post","status-publish","format-standard","has-post-thumbnail","hentry","category-entretenimento","category-uma-copa-qualquer","tag-1484","tag-canada-mexico-eua-2026","tag-copa-do-mundo","tag-futebol"],"yoast_head":"<!-- This site is optimized with the Yoast SEO plugin v28.3 - https:\/\/yoast.com\/product\/yoast-seo-wordpress\/ -->\n<title>Espanha supera trauma do mata-mata - Um Blog Qualquer<\/title>\n<meta name=\"description\" content=\"Desde que foi campe\u00e3 em 2010, a Espanha sempre se despediu precomente da copa. Parece que desta vez a Espanha supera trauma do mata-mata\" \/>\n<meta name=\"robots\" content=\"index, follow, max-snippet:-1, max-image-preview:large, max-video-preview:-1\" \/>\n<link rel=\"canonical\" href=\"https:\/\/umblogqualquer.com.br\/index.php\/2026\/07\/02\/espanha-supera-trauma-do-mata-mata\/\" \/>\n<meta property=\"og:locale\" content=\"pt_BR\" \/>\n<meta property=\"og:type\" content=\"article\" \/>\n<meta property=\"og:title\" content=\"Espanha supera trauma do mata-mata - Um Blog Qualquer\" \/>\n<meta property=\"og:description\" content=\"Desde que foi campe\u00e3 em 2010, a Espanha sempre se despediu precomente da copa. Parece que desta vez a Espanha supera trauma do mata-mata\" \/>\n<meta property=\"og:url\" content=\"https:\/\/umblogqualquer.com.br\/index.php\/2026\/07\/02\/espanha-supera-trauma-do-mata-mata\/\" \/>\n<meta property=\"og:site_name\" content=\"Um Blog Qualquer\" \/>\n<meta property=\"article:publisher\" content=\"http:\/\/www.facebook.com\/UmBlogQualquer\" \/>\n<meta property=\"article:author\" content=\"https:\/\/www.facebook.com\/Ricardo.Cruz.Marques\" \/>\n<meta property=\"article:published_time\" content=\"2026-07-03T00:00:00+00:00\" \/>\n<meta property=\"article:modified_time\" content=\"2026-08-30T22:17:45+00:00\" \/>\n<meta property=\"og:image\" content=\"https:\/\/umblogqualquer.com.br\/wp-content\/uploads\/2026\/08\/260702_jogos-da-copa_084_esp-aut_000.png\" \/>\n\t<meta property=\"og:image:width\" content=\"1366\" \/>\n\t<meta property=\"og:image:height\" content=\"768\" \/>\n\t<meta property=\"og:image:type\" content=\"image\/png\" \/>\n<meta name=\"author\" content=\"Ricardo Marques\" \/>\n<meta name=\"twitter:card\" content=\"summary_large_image\" \/>\n<meta name=\"twitter:creator\" content=\"@ricardocmarques\" \/>\n<meta name=\"twitter:site\" content=\"@UmBlogQualquer\" \/>\n<meta name=\"twitter:label1\" content=\"Escrito por\" \/>\n\t<meta name=\"twitter:data1\" content=\"Ricardo Marques\" \/>\n\t<meta name=\"twitter:label2\" content=\"Est. tempo de leitura\" \/>\n\t<meta name=\"twitter:data2\" content=\"4 minutos\" \/>\n<script type=\"application\/ld+json\" class=\"yoast-schema-graph\">{\"@context\":\"https:\\\/\\\/schema.org\",\"@graph\":[{\"@type\":\"Article\",\"@id\":\"https:\\\/\\\/umblogqualquer.com.br\\\/index.php\\\/2026\\\/07\\\/02\\\/espanha-supera-trauma-do-mata-mata\\\/#article\",\"isPartOf\":{\"@id\":\"https:\\\/\\\/umblogqualquer.com.br\\\/index.php\\\/2026\\\/07\\\/02\\\/espanha-supera-trauma-do-mata-mata\\\/\"},\"author\":{\"name\":\"Ricardo Marques\",\"@id\":\"https:\\\/\\\/umblogqualquer.com.br\\\/#\\\/schema\\\/person\\\/9e60be98b007ca0387786bb1a67478c7\"},\"headline\":\"Espanha supera trauma do mata-mata\",\"datePublished\":\"2026-07-03T00:00:00+00:00\",\"dateModified\":\"2026-08-30T22:17:45+00:00\",\"mainEntityOfPage\":{\"@id\":\"https:\\\/\\\/umblogqualquer.com.br\\\/index.php\\\/2026\\\/07\\\/02\\\/espanha-supera-trauma-do-mata-mata\\\/\"},\"wordCount\":528,\"commentCount\":0,\"publisher\":{\"@id\":\"https:\\\/\\\/umblogqualquer.com.br\\\/#organization\"},\"image\":{\"@id\":\"https:\\\/\\\/umblogqualquer.com.br\\\/index.php\\\/2026\\\/07\\\/02\\\/espanha-supera-trauma-do-mata-mata\\\/#primaryimage\"},\"thumbnailUrl\":\"https:\\\/\\\/umblogqualquer.com.br\\\/wp-content\\\/uploads\\\/2026\\\/08\\\/260702_jogos-da-copa_084_esp-aut_000.png\",\"keywords\":[\"2026\",\"Canad\u00e1 M\u00e9xico EUA 2026\",\"Copa do Mundo\",\"Futebol\"],\"articleSection\":[\"Entretenimento\",\"Uma Copa Qualquer\"],\"inLanguage\":\"pt-BR\",\"potentialAction\":[{\"@type\":\"CommentAction\",\"name\":\"Comment\",\"target\":[\"https:\\\/\\\/umblogqualquer.com.br\\\/index.php\\\/2026\\\/07\\\/02\\\/espanha-supera-trauma-do-mata-mata\\\/#respond\"]}]},{\"@type\":\"WebPage\",\"@id\":\"https:\\\/\\\/umblogqualquer.com.br\\\/index.php\\\/2026\\\/07\\\/02\\\/espanha-supera-trauma-do-mata-mata\\\/\",\"url\":\"https:\\\/\\\/umblogqualquer.com.br\\\/index.php\\\/2026\\\/07\\\/02\\\/espanha-supera-trauma-do-mata-mata\\\/\",\"name\":\"Espanha supera trauma do mata-mata - Um Blog Qualquer\",\"isPartOf\":{\"@id\":\"https:\\\/\\\/umblogqualquer.com.br\\\/#website\"},\"primaryImageOfPage\":{\"@id\":\"https:\\\/\\\/umblogqualquer.com.br\\\/index.php\\\/2026\\\/07\\\/02\\\/espanha-supera-trauma-do-mata-mata\\\/#primaryimage\"},\"image\":{\"@id\":\"https:\\\/\\\/umblogqualquer.com.br\\\/index.php\\\/2026\\\/07\\\/02\\\/espanha-supera-trauma-do-mata-mata\\\/#primaryimage\"},\"thumbnailUrl\":\"https:\\\/\\\/umblogqualquer.com.br\\\/wp-content\\\/uploads\\\/2026\\\/08\\\/260702_jogos-da-copa_084_esp-aut_000.png\",\"datePublished\":\"2026-07-03T00:00:00+00:00\",\"dateModified\":\"2026-08-30T22:17:45+00:00\",\"description\":\"Desde que foi campe\u00e3 em 2010, a Espanha sempre se despediu precomente da copa. Parece que desta vez a Espanha supera trauma do mata-mata\",\"breadcrumb\":{\"@id\":\"https:\\\/\\\/umblogqualquer.com.br\\\/index.php\\\/2026\\\/07\\\/02\\\/espanha-supera-trauma-do-mata-mata\\\/#breadcrumb\"},\"inLanguage\":\"pt-BR\",\"potentialAction\":[{\"@type\":\"ReadAction\",\"target\":[\"https:\\\/\\\/umblogqualquer.com.br\\\/index.php\\\/2026\\\/07\\\/02\\\/espanha-supera-trauma-do-mata-mata\\\/\"]}]},{\"@type\":\"ImageObject\",\"inLanguage\":\"pt-BR\",\"@id\":\"https:\\\/\\\/umblogqualquer.com.br\\\/index.php\\\/2026\\\/07\\\/02\\\/espanha-supera-trauma-do-mata-mata\\\/#primaryimage\",\"url\":\"https:\\\/\\\/umblogqualquer.com.br\\\/wp-content\\\/uploads\\\/2026\\\/08\\\/260702_jogos-da-copa_084_esp-aut_000.png\",\"contentUrl\":\"https:\\\/\\\/umblogqualquer.com.br\\\/wp-content\\\/uploads\\\/2026\\\/08\\\/260702_jogos-da-copa_084_esp-aut_000.png\",\"width\":1366,\"height\":768},{\"@type\":\"BreadcrumbList\",\"@id\":\"https:\\\/\\\/umblogqualquer.com.br\\\/index.php\\\/2026\\\/07\\\/02\\\/espanha-supera-trauma-do-mata-mata\\\/#breadcrumb\",\"itemListElement\":[{\"@type\":\"ListItem\",\"position\":1,\"name\":\"In\u00edcio\",\"item\":\"https:\\\/\\\/umblogqualquer.com.br\\\/\"},{\"@type\":\"ListItem\",\"position\":2,\"name\":\"Espanha supera trauma do mata-mata\"}]},{\"@type\":\"WebSite\",\"@id\":\"https:\\\/\\\/umblogqualquer.com.br\\\/#website\",\"url\":\"https:\\\/\\\/umblogqualquer.com.br\\\/\",\"name\":\"Um Blog Qualquer\",\"description\":\"Opini\u00e3o, Informa\u00e7\u00e3o e Entretenimento\",\"publisher\":{\"@id\":\"https:\\\/\\\/umblogqualquer.com.br\\\/#organization\"},\"potentialAction\":[{\"@type\":\"SearchAction\",\"target\":{\"@type\":\"EntryPoint\",\"urlTemplate\":\"https:\\\/\\\/umblogqualquer.com.br\\\/?s={search_term_string}\"},\"query-input\":{\"@type\":\"PropertyValueSpecification\",\"valueRequired\":true,\"valueName\":\"search_term_string\"}}],\"inLanguage\":\"pt-BR\"},{\"@type\":\"Organization\",\"@id\":\"https:\\\/\\\/umblogqualquer.com.br\\\/#organization\",\"name\":\"Um Blog QUalquer\",\"url\":\"https:\\\/\\\/umblogqualquer.com.br\\\/\",\"logo\":{\"@type\":\"ImageObject\",\"inLanguage\":\"pt-BR\",\"@id\":\"https:\\\/\\\/umblogqualquer.com.br\\\/#\\\/schema\\\/logo\\\/image\\\/\",\"url\":\"https:\\\/\\\/umblogqualquer.com.br\\\/wp-content\\\/uploads\\\/2022\\\/06\\\/perfil-id-um-blog-qualquer.png\",\"contentUrl\":\"https:\\\/\\\/umblogqualquer.com.br\\\/wp-content\\\/uploads\\\/2022\\\/06\\\/perfil-id-um-blog-qualquer.png\",\"width\":1200,\"height\":1200,\"caption\":\"Um Blog QUalquer\"},\"image\":{\"@id\":\"https:\\\/\\\/umblogqualquer.com.br\\\/#\\\/schema\\\/logo\\\/image\\\/\"},\"sameAs\":[\"http:\\\/\\\/www.facebook.com\\\/UmBlogQualquer\",\"https:\\\/\\\/x.com\\\/UmBlogQualquer\",\"http:\\\/\\\/www.instagram.com\\\/1blogqualquer\",\"http:\\\/\\\/www.youtube.com\\\/UmBlogQualquer\"]},{\"@type\":\"Person\",\"@id\":\"https:\\\/\\\/umblogqualquer.com.br\\\/#\\\/schema\\\/person\\\/9e60be98b007ca0387786bb1a67478c7\",\"name\":\"Ricardo Marques\",\"image\":{\"@type\":\"ImageObject\",\"inLanguage\":\"pt-BR\",\"@id\":\"https:\\\/\\\/secure.gravatar.com\\\/avatar\\\/69012e680aec3c46d54ef1c46e47372eee9b82b191b6442554741e2bf6bc09cb?s=96&d=mm&r=g\",\"url\":\"https:\\\/\\\/secure.gravatar.com\\\/avatar\\\/69012e680aec3c46d54ef1c46e47372eee9b82b191b6442554741e2bf6bc09cb?s=96&d=mm&r=g\",\"contentUrl\":\"https:\\\/\\\/secure.gravatar.com\\\/avatar\\\/69012e680aec3c46d54ef1c46e47372eee9b82b191b6442554741e2bf6bc09cb?s=96&d=mm&r=g\",\"caption\":\"Ricardo Marques\"},\"description\":\"Criador e editor do UBQ. Em linhas gerais, o respons\u00e1vel pela baga\u00e7a toda. Blogueiro, podcaster e videomaker por op\u00e7\u00e3o e funcion\u00e1rio p\u00fablico por falta de op\u00e7\u00e3o. Ex-estudante de medicina (UNICAMP) e biologia (USP) \u00e9 curioso por natureza e criou o UBQ para garantir um espa\u00e7o para a livre manifesta\u00e7\u00e3o. \u00c9 casado, tem tr\u00eas gatos, um cachorro, uma filha sapeca e est\u00e1 perto de ser pai pela segunda vez. Ainda pensa em fazer medicina... ou jornalismo. Whatever...\",\"sameAs\":[\"http:\\\/\\\/www.umblogqualquer.com.br\",\"https:\\\/\\\/www.facebook.com\\\/Ricardo.Cruz.Marques\",\"https:\\\/\\\/x.com\\\/ricardocmarques\"],\"url\":\"https:\\\/\\\/umblogqualquer.com.br\\\/index.php\\\/author\\\/ricardo-marques\\\/\"}]}<\/script>\n<!-- \/ Yoast SEO plugin. -->","yoast_head_json":{"title":"Espanha supera trauma do mata-mata - Um Blog Qualquer","description":"Desde que foi campe\u00e3 em 2010, a Espanha sempre se despediu precomente da copa. Parece que desta vez a Espanha supera trauma do mata-mata","robots":{"index":"index","follow":"follow","max-snippet":"max-snippet:-1","max-image-preview":"max-image-preview:large","max-video-preview":"max-video-preview:-1"},"canonical":"https:\/\/umblogqualquer.com.br\/index.php\/2026\/07\/02\/espanha-supera-trauma-do-mata-mata\/","og_locale":"pt_BR","og_type":"article","og_title":"Espanha supera trauma do mata-mata - Um Blog Qualquer","og_description":"Desde que foi campe\u00e3 em 2010, a Espanha sempre se despediu precomente da copa. Parece que desta vez a Espanha supera trauma do mata-mata","og_url":"https:\/\/umblogqualquer.com.br\/index.php\/2026\/07\/02\/espanha-supera-trauma-do-mata-mata\/","og_site_name":"Um Blog Qualquer","article_publisher":"http:\/\/www.facebook.com\/UmBlogQualquer","article_author":"https:\/\/www.facebook.com\/Ricardo.Cruz.Marques","article_published_time":"2026-07-03T00:00:00+00:00","article_modified_time":"2026-08-30T22:17:45+00:00","og_image":[{"width":1366,"height":768,"url":"https:\/\/umblogqualquer.com.br\/wp-content\/uploads\/2026\/08\/260702_jogos-da-copa_084_esp-aut_000.png","type":"image\/png"}],"author":"Ricardo Marques","twitter_card":"summary_large_image","twitter_creator":"@ricardocmarques","twitter_site":"@UmBlogQualquer","twitter_misc":{"Escrito por":"Ricardo Marques","Est. tempo de leitura":"4 minutos"},"schema":{"@context":"https:\/\/schema.org","@graph":[{"@type":"Article","@id":"https:\/\/umblogqualquer.com.br\/index.php\/2026\/07\/02\/espanha-supera-trauma-do-mata-mata\/#article","isPartOf":{"@id":"https:\/\/umblogqualquer.com.br\/index.php\/2026\/07\/02\/espanha-supera-trauma-do-mata-mata\/"},"author":{"name":"Ricardo Marques","@id":"https:\/\/umblogqualquer.com.br\/#\/schema\/person\/9e60be98b007ca0387786bb1a67478c7"},"headline":"Espanha supera trauma do mata-mata","datePublished":"2026-07-03T00:00:00+00:00","dateModified":"2026-08-30T22:17:45+00:00","mainEntityOfPage":{"@id":"https:\/\/umblogqualquer.com.br\/index.php\/2026\/07\/02\/espanha-supera-trauma-do-mata-mata\/"},"wordCount":528,"commentCount":0,"publisher":{"@id":"https:\/\/umblogqualquer.com.br\/#organization"},"image":{"@id":"https:\/\/umblogqualquer.com.br\/index.php\/2026\/07\/02\/espanha-supera-trauma-do-mata-mata\/#primaryimage"},"thumbnailUrl":"https:\/\/umblogqualquer.com.br\/wp-content\/uploads\/2026\/08\/260702_jogos-da-copa_084_esp-aut_000.png","keywords":["2026","Canad\u00e1 M\u00e9xico EUA 2026","Copa do Mundo","Futebol"],"articleSection":["Entretenimento","Uma Copa Qualquer"],"inLanguage":"pt-BR","potentialAction":[{"@type":"CommentAction","name":"Comment","target":["https:\/\/umblogqualquer.com.br\/index.php\/2026\/07\/02\/espanha-supera-trauma-do-mata-mata\/#respond"]}]},{"@type":"WebPage","@id":"https:\/\/umblogqualquer.com.br\/index.php\/2026\/07\/02\/espanha-supera-trauma-do-mata-mata\/","url":"https:\/\/umblogqualquer.com.br\/index.php\/2026\/07\/02\/espanha-supera-trauma-do-mata-mata\/","name":"Espanha supera trauma do mata-mata - Um Blog Qualquer","isPartOf":{"@id":"https:\/\/umblogqualquer.com.br\/#website"},"primaryImageOfPage":{"@id":"https:\/\/umblogqualquer.com.br\/index.php\/2026\/07\/02\/espanha-supera-trauma-do-mata-mata\/#primaryimage"},"image":{"@id":"https:\/\/umblogqualquer.com.br\/index.php\/2026\/07\/02\/espanha-supera-trauma-do-mata-mata\/#primaryimage"},"thumbnailUrl":"https:\/\/umblogqualquer.com.br\/wp-content\/uploads\/2026\/08\/260702_jogos-da-copa_084_esp-aut_000.png","datePublished":"2026-07-03T00:00:00+00:00","dateModified":"2026-08-30T22:17:45+00:00","description":"Desde que foi campe\u00e3 em 2010, a Espanha sempre se despediu precomente da copa. Parece que desta vez a Espanha supera trauma do mata-mata","breadcrumb":{"@id":"https:\/\/umblogqualquer.com.br\/index.php\/2026\/07\/02\/espanha-supera-trauma-do-mata-mata\/#breadcrumb"},"inLanguage":"pt-BR","potentialAction":[{"@type":"ReadAction","target":["https:\/\/umblogqualquer.com.br\/index.php\/2026\/07\/02\/espanha-supera-trauma-do-mata-mata\/"]}]},{"@type":"ImageObject","inLanguage":"pt-BR","@id":"https:\/\/umblogqualquer.com.br\/index.php\/2026\/07\/02\/espanha-supera-trauma-do-mata-mata\/#primaryimage","url":"https:\/\/umblogqualquer.com.br\/wp-content\/uploads\/2026\/08\/260702_jogos-da-copa_084_esp-aut_000.png","contentUrl":"https:\/\/umblogqualquer.com.br\/wp-content\/uploads\/2026\/08\/260702_jogos-da-copa_084_esp-aut_000.png","width":1366,"height":768},{"@type":"BreadcrumbList","@id":"https:\/\/umblogqualquer.com.br\/index.php\/2026\/07\/02\/espanha-supera-trauma-do-mata-mata\/#breadcrumb","itemListElement":[{"@type":"ListItem","position":1,"name":"In\u00edcio","item":"https:\/\/umblogqualquer.com.br\/"},{"@type":"ListItem","position":2,"name":"Espanha supera trauma do mata-mata"}]},{"@type":"WebSite","@id":"https:\/\/umblogqualquer.com.br\/#website","url":"https:\/\/umblogqualquer.com.br\/","name":"Um Blog Qualquer","description":"Opini\u00e3o, Informa\u00e7\u00e3o e Entretenimento","publisher":{"@id":"https:\/\/umblogqualquer.com.br\/#organization"},"potentialAction":[{"@type":"SearchAction","target":{"@type":"EntryPoint","urlTemplate":"https:\/\/umblogqualquer.com.br\/?s={search_term_string}"},"query-input":{"@type":"PropertyValueSpecification","valueRequired":true,"valueName":"search_term_string"}}],"inLanguage":"pt-BR"},{"@type":"Organization","@id":"https:\/\/umblogqualquer.com.br\/#organization","name":"Um Blog QUalquer","url":"https:\/\/umblogqualquer.com.br\/","logo":{"@type":"ImageObject","inLanguage":"pt-BR","@id":"https:\/\/umblogqualquer.com.br\/#\/schema\/logo\/image\/","url":"https:\/\/umblogqualquer.com.br\/wp-content\/uploads\/2022\/06\/perfil-id-um-blog-qualquer.png","contentUrl":"https:\/\/umblogqualquer.com.br\/wp-content\/uploads\/2022\/06\/perfil-id-um-blog-qualquer.png","width":1200,"height":1200,"caption":"Um Blog QUalquer"},"image":{"@id":"https:\/\/umblogqualquer.com.br\/#\/schema\/logo\/image\/"},"sameAs":["http:\/\/www.facebook.com\/UmBlogQualquer","https:\/\/x.com\/UmBlogQualquer","http:\/\/www.instagram.com\/1blogqualquer","http:\/\/www.youtube.com\/UmBlogQualquer"]},{"@type":"Person","@id":"https:\/\/umblogqualquer.com.br\/#\/schema\/person\/9e60be98b007ca0387786bb1a67478c7","name":"Ricardo Marques","image":{"@type":"ImageObject","inLanguage":"pt-BR","@id":"https:\/\/secure.gravatar.com\/avatar\/69012e680aec3c46d54ef1c46e47372eee9b82b191b6442554741e2bf6bc09cb?s=96&d=mm&r=g","url":"https:\/\/secure.gravatar.com\/avatar\/69012e680aec3c46d54ef1c46e47372eee9b82b191b6442554741e2bf6bc09cb?s=96&d=mm&r=g","contentUrl":"https:\/\/secure.gravatar.com\/avatar\/69012e680aec3c46d54ef1c46e47372eee9b82b191b6442554741e2bf6bc09cb?s=96&d=mm&r=g","caption":"Ricardo Marques"},"description":"Criador e editor do UBQ. Em linhas gerais, o respons\u00e1vel pela baga\u00e7a toda. Blogueiro, podcaster e videomaker por op\u00e7\u00e3o e funcion\u00e1rio p\u00fablico por falta de op\u00e7\u00e3o. Ex-estudante de medicina (UNICAMP) e biologia (USP) \u00e9 curioso por natureza e criou o UBQ para garantir um espa\u00e7o para a livre manifesta\u00e7\u00e3o. \u00c9 casado, tem tr\u00eas gatos, um cachorro, uma filha sapeca e est\u00e1 perto de ser pai pela segunda vez. Ainda pensa em fazer medicina... ou jornalismo. Whatever...","sameAs":["http:\/\/www.umblogqualquer.com.br","https:\/\/www.facebook.com\/Ricardo.Cruz.Marques","https:\/\/x.com\/ricardocmarques"],"url":"https:\/\/umblogqualquer.com.br\/index.php\/author\/ricardo-marques\/"}]}},"_links":{"self":[{"href":"https:\/\/umblogqualquer.com.br\/index.php\/wp-json\/wp\/v2\/posts\/9216","targetHints":{"allow":["GET"]}}],"collection":[{"href":"https:\/\/umblogqualquer.com.br\/index.php\/wp-json\/wp\/v2\/posts"}],"about":[{"href":"https:\/\/umblogqualquer.com.br\/index.php\/wp-json\/wp\/v2\/types\/post"}],"author":[{"embeddable":true,"href":"https:\/\/umblogqualquer.com.br\/index.php\/wp-json\/wp\/v2\/users\/2"}],"replies":[{"embeddable":true,"href":"https:\/\/umblogqualquer.com.br\/index.php\/wp-json\/wp\/v2\/comments?post=9216"}],"version-history":[{"count":1,"href":"https:\/\/umblogqualquer.com.br\/index.php\/wp-json\/wp\/v2\/posts\/9216\/revisions"}],"predecessor-version":[{"id":9220,"href":"https:\/\/umblogqualquer.com.br\/index.php\/wp-json\/wp\/v2\/posts\/9216\/revisions\/9220"}],"wp:featuredmedia":[{"embeddable":true,"href":"https:\/\/umblogqualquer.com.br\/index.php\/wp-json\/wp\/v2\/media\/9218"}],"wp:attachment":[{"href":"https:\/\/umblogqualquer.com.br\/index.php\/wp-json\/wp\/v2\/media?parent=9216"}],"wp:term":[{"taxonomy":"category","embeddable":true,"href":"https:\/\/umblogqualquer.com.br\/index.php\/wp-json\/wp\/v2\/categories?post=9216"},{"taxonomy":"post_tag","embeddable":true,"href":"https:\/\/umblogqualquer.com.br\/index.php\/wp-json\/wp\/v2\/tags?post=9216"}],"curies":[{"name":"wp","href":"https:\/\/api.w.org\/{rel}","templated":true}]}}